{"id":959,"date":"2018-05-05T11:25:14","date_gmt":"2018-05-05T09:25:14","guid":{"rendered":"https:\/\/www.valtermainetti.com\/en\/uncategorized\/sergio-castellito-il-mio-aldo-moro-professore-illuminato-il-confronto-con-i-politici-oggi-e-impietoso\/"},"modified":"2018-05-08T12:27:35","modified_gmt":"2018-05-08T10:27:35","slug":"sergio-castellito-il-mio-aldo-moro-professore-illuminato-il-confronto-con-i-politici-oggi-e-impietoso","status":"publish","type":"post","link":"https:\/\/www.valtermainetti.com\/en\/sergio-castellito-il-mio-aldo-moro-professore-illuminato-il-confronto-con-i-politici-oggi-e-impietoso\/","title":{"rendered":"Sergio Castellito &#8220;Il mio Aldo Moro professore illuminato il confronto con i politici oggi \u00e8 impietoso&#8221;"},"content":{"rendered":"<p>Il cappotto doppiopetto appoggiato sulle spalle, la cartella, il sorriso mite, la disponibilit\u00e0 totale nei confronti dei suoi studenti. Aldo Moro professore universitario \u00e8 un padre, un mentore che si fa domande e ascolta. \u00abVoi ragazzi siete al centro della storia ed \u00e8 da questo grande desiderio di cambiamento che pu\u00f2 nascere l&#8217;idea di una nuova umanit\u00e0\u00bb dice Sergio Castellitto che lo interpreta nella docufiction A<em>ldo Moro- Il professore\u00a0<\/em>\u00abil problema non pu\u00f2 essere solo sociale ma spirituale. Nei politici dobbiamo capire ancora molte cose e accompagnare il vostro desiderio di cambiamento. Niente di ci\u00f2 che \u00e8 umano ci pu\u00f2 essere estraneo, tanto\u00a0meno voi\u00bb. Presentato all&#8217;Universit\u00e0 La Sapienza di Roma, \u00abil film\u00bb dice il direttore generale della Rai Mario Orfeo\u00a0\u00ab far\u00e0 conoscere aspetti inediti dello statista. Mai come adesso si sente la mancanza di una figura come Moro e della sua visione\u00bb. Sar\u00e0 una serata di servizio pubblico (dopo il documentario <em>Il condannato<\/em> di Ezio Mauro trasmesso su Rai 3), quella dell&#8217; 8 maggio per ricordare\u00a0Moro a 40 anni dalla morte.<br \/>\nRai 1\u00a0 affida a due grandi attori l&#8217;omaggio allo statista ucciso dalle Brigate rosse\u00a0il 9 maggio 1978. Alle 20.30 ci sar\u00e0 l&#8217;orazione civile di Luca Zingaretti con i brani del libro di Stefano Massini <em>55 giorni-L&#8217;Italia senza Moro<\/em>. Da via Caetani a Roma, dove il corpo di Moro fu ritrovato nel bagagliaio di una Renault 4, Zingaretti inquadrer\u00e0 il contesto storico e sociale. A\u00a0 seguire, alle\u00a021.25, Castellitto lo far\u00e0 rivivere nel ruolo che forse pi\u00f9 amava, quello di docente, un professore speciale. Moro verr\u00e0 raccontato da quattro suoi ex studenti di Scienze politiche (Giorgio Balzoni, autore del libro che ha ispirato il film, Valter Mainetti, Fiammetta Rossi. Giuliana Duchini), la realt\u00e0 s&#8217;intreccia cos\u00ec con la finzione: nella docufiction sono i giovani con cui dialoga. Lezioni appassionanti in un clima difficile, sempre pi\u00f9 conflittuale. Colpisce la sua umanit\u00e0. Nella villetta di Terracina prepara il pranzo per il maresciallo Leonardi e i ragazzi che sono andati a trovarlo.\u00a0 Spiega una studentessa: \u00abTi garantisco che nella nostra democrazia non esiste la stanza dei bottoni come sostiene Nenni\u00bb, e ancora: \u00abLa nostra \u00e8 una democrazia imperfetta\u00bb. \u00abQuando parlava Moro parlava la Storia, quando parlavano altri politici facevano cronaca\u00bb dice Mainetti . \u00abQuando hanno rapito Moro\u00bb racconta Castellitto \u00abero studente del Centro sperimentale, e stavo per entrare a teatro. Fu uno choc. Solo dopo ho capito che quel giorno di 40 anni fa hanno rubato la giovinezza a me e a un&#8217;intera generazione. Interpretarlo \u00e8 stato un onore. Quando vedo certe figure di ex brigatisti parlare mi chiedo perch\u00e9 non si raccolgano in un silenzio dignitoso\u00bb. Come si \u00e8 avvicinato allo statista? \u00abL&#8217;ho studiato e ristudiato. Durante la campagna elettorale\u00bb continua l&#8217;attore \u00abho fatto un&#8217; esperienza entusiasmante riguardando lui e Berlinguer, una generazione irripetibile. Pur nelle contraddizioni e negli errori si sono fatti carico di una visione del mondo. Il confronto con i politici di oggi \u00e8 impietoso. La mitezza di Moro \u00e8 la personificazione dell&#8217;autorevolezza, mi ha emozionato restituirei suoi gesti. Il regista Francesco Miccich\u00e9 con sensibilit\u00e0 ha intrecciato le testimonianze al film. E&#8217; uno dei momenti in cui la Rai d\u00e0 senso a una delle sue funzioni preminenti: costruire la memoria di questo paese\u00bb.<\/p>\n","protected":false},"excerpt":{"rendered":"<p>Il cappotto doppiopetto appoggiato sulle spalle, la cartella, il sorriso mite, la disponibilit\u00e0 totale nei confronti dei suoi studenti. Aldo Moro professore universitario \u00e8 un padre, un mentore che si fa domande e ascolta. \u00abVoi ragazzi siete al centro della storia ed \u00e8 da questo grande desiderio di cambiamento che pu\u00f2 nascere l&#8217;idea di una [&hellip;]<\/p>\n","protected":false},"author":2,"featured_media":0,"comment_status":"closed","ping_status":"open","sticky":false,"template":"","format":"standard","meta":{"footnotes":""},"categories":[6,4],"tags":[12,13,14],"class_list":["post-959","post","type-post","status-publish","format-standard","hentry","category-press-en","category-uncategorized","tag-aldo-moro-en","tag-sergio-castellitto-en","tag-valter-mainetti-en"],"_links":{"self":[{"href":"https:\/\/www.valtermainetti.com\/en\/wp-json\/wp\/v2\/posts\/959","targetHints":{"allow":["GET"]}}],"collection":[{"href":"https:\/\/www.valtermainetti.com\/en\/wp-json\/wp\/v2\/posts"}],"about":[{"href":"https:\/\/www.valtermainetti.com\/en\/wp-json\/wp\/v2\/types\/post"}],"author":[{"embeddable":true,"href":"https:\/\/www.valtermainetti.com\/en\/wp-json\/wp\/v2\/users\/2"}],"replies":[{"embeddable":true,"href":"https:\/\/www.valtermainetti.com\/en\/wp-json\/wp\/v2\/comments?post=959"}],"version-history":[{"count":1,"href":"https:\/\/www.valtermainetti.com\/en\/wp-json\/wp\/v2\/posts\/959\/revisions"}],"predecessor-version":[{"id":963,"href":"https:\/\/www.valtermainetti.com\/en\/wp-json\/wp\/v2\/posts\/959\/revisions\/963"}],"wp:attachment":[{"href":"https:\/\/www.valtermainetti.com\/en\/wp-json\/wp\/v2\/media?parent=959"}],"wp:term":[{"taxonomy":"category","embeddable":true,"href":"https:\/\/www.valtermainetti.com\/en\/wp-json\/wp\/v2\/categories?post=959"},{"taxonomy":"post_tag","embeddable":true,"href":"https:\/\/www.valtermainetti.com\/en\/wp-json\/wp\/v2\/tags?post=959"}],"curies":[{"name":"wp","href":"https:\/\/api.w.org\/{rel}","templated":true}]}}